{"id":3172,"date":"2014-06-19T23:24:02","date_gmt":"2014-06-19T23:24:02","guid":{"rendered":"http:\/\/www.phil.ca\/chapeau-aux-amis-de-la-montagne-un-montant-de-160-000-a-ete-amasse-au-profit-du-mont-royal\/"},"modified":"2019-10-31T20:38:10","modified_gmt":"2019-10-31T20:38:10","slug":"chapeau-aux-amis-de-la-montagne-un-montant-de-160-000-a-ete-amasse-au-profit-du-mont-royal","status":"publish","type":"post","link":"https:\/\/phil.ca\/fr\/chapeau-aux-amis-de-la-montagne-un-montant-de-160-000-a-ete-amasse-au-profit-du-mont-royal\/","title":{"rendered":"Chapeau aux Amis de la montagne: Un montant de 160 000 $ a \u00e9t\u00e9 amass\u00e9 au profit du mont Royal !"},"content":{"rendered":"<p>Chez Phil, nous nous comptons chanceux d\u2019adorer notre m\u00e9tier. De plus, nous avons le privil\u00e8ge de contribuer de fa\u00e7on positive \u00e0 la communaut\u00e9. Un exemple tout r\u00e9cent de cette contribution est un \u00e9v\u00e8nement qui a eu lieu la semaine derni\u00e8re et sur lequel nous avons collabor\u00e9, organis\u00e9 par les Amis de la montagne: la premi\u00e8re \u00e9dition de Chapeau mont Royal!<\/p>\n<p>L\u2019\u00e9dition inaugurale de Chapeau mont Royal! a eu lieu le 12 juin dernier au magnifique Chalet du mont Royal, anim\u00e9 par la p\u00e9tillante Mitsou G\u00e9linas et sous la pr\u00e9sidence d\u2019honneur de madame Julie Godin.<\/p>\n<p>Les organisateurs de Chapeau mont Royal! se sont inspir\u00e9s du c\u00e9l\u00e8bre \u00ab Hat Luncheon \u00bb organis\u00e9 \u00e0 New York par le comit\u00e9 des femmes d\u00e9di\u00e9 \u00e0 la conservation de Central Park, \u00e9v\u00e8nement prestigieux et tr\u00e8s pris\u00e9 des New-Yorkaises (et New-Yorkais).<\/p>\n<p>Chapeau mont Royal! a ralli\u00e9 500 invit\u00e9s dot\u00e9s des chapeaux spectaculaires au sommet du mont Royal. Les fonds recueillis iront aux programmes d\u2019\u00e9ducation, de conservation et d\u2019am\u00e9lioration de la montagne.<\/p>\n<p>L\u2019\u00e9v\u00e9nement a \u00e9galement su attirer les paparazzi, qui \u00e9taient ravis de prendre en photo les personnalit\u00e9s pr\u00e9sentes. On peut m\u00eame y apercevoir l\u2019\u00e9quipe de Phil dans les couvertures m\u00e9diatiques suivantes:<br \/>\nMTLBLOG<br \/>\n<a href=\"http:\/\/www.nightlife.ca\/2014\/06\/13\/500-invites-chapeau-reunis-au-chalet-du-mont-royal#PhotoSwipe1402759009778\" target=\"_blank\" rel=\"noopener noreferrer\">Nightlife.ca<\/a><br \/>\n<a href=\"http:\/\/www.stylelistquebec.ca\/2014\/06\/12\/styles-de-rue-chapeau-mont-royal-style\/#!slide=2703201\" target=\"_blank\" rel=\"noopener noreferrer\">StyleList Quebec<\/a><br \/>\n<a href=\"http:\/\/fashioniseverywhere.com\/2014\/06\/17\/chapeau-mont-royal-les-plus-beaux-looks-du-chic-dejeuner-benefice\/\" target=\"_blank\" rel=\"noopener noreferrer\">Fashion is Everywhere<\/a><\/p>\n<p>Selon Tanya Gabriel, directrice des op\u00e9rations chez Phil, \u00ab c\u2019est formidable de voir comment notre petite \u00e9quipe fait partie int\u00e9grale d\u2019un grand projet, et combien l\u2019\u00e9v\u00e9nement f\u00fbt un succ\u00e8s! Nous sommes chanceux de faire notre m\u00e9tier et de contribuer \u00e0 un \u00e9v\u00e9nement aussi important, qui a un impact concret sur notre ville. \u00bb<\/p>\n<p>Myriam, notre designer graphique, a elle aussi bien appr\u00e9ci\u00e9 cet \u00e9v\u00e9nement charitable: \u00ab En tant qu\u2019amoureuse de la nature, j\u2019ai \u00e9t\u00e9 ravie de pouvoir participer \u00e0 la conception de l\u2019\u00e9v\u00e9nement, mais aussi d\u2019assister au tout premier \u00e9v\u00e9nement Chapeau mont Royal! L\u2019occasion de porter un chapeau spectaculaire et une belle robe \u00e9tait d\u00e9finitivement un bonus fort agr\u00e9able! Malgr\u00e9 la pluie, le Chalet \u00e9tait plein \u00e0 craquer, tout le monde \u00e9tait joyeux, on se complimentait la tenue, on se prenait en photo et on a partag\u00e9 un d\u00e9licieux repas. Les organisateurs de l\u2019\u00e9v\u00e9nement ont pris bien soin de tous les d\u00e9tails, et les discours venaient du fond du c\u0153ur. C\u2019\u00e9tait clair que pour tous ceux pr\u00e9sents, le mont Royal est d\u2019une grande importance. \u00bb<\/p>\n<p>En esp\u00e9rant vous y voir l\u2019ann\u00e9e prochaine!<\/p>\n<p>Pour plus d\u2019informations:<br \/>\n<a href=\"http:\/\/www.lemontroyal.qc.ca\/en\/news\/2014\/a--Chapeau-mont-Royal-a---Benefit-luncheon---160-000-in-support-of-the-mountain-339.sn\" target=\"_blank\" rel=\"noopener noreferrer\">http:\/\/bit.ly\/chapeau2014<\/a><br \/>\n<a href=\"https:\/\/www.facebook.com\/media\/set\/?set=a.656767224415666.1073741852.338436879582037&amp;type=1\" target=\"_blank\" rel=\"noopener noreferrer\">Album de photos Facebook<\/a><\/p>\n","protected":false},"excerpt":{"rendered":"<p>Chez Phil, nous nous comptons chanceux d\u2019adorer notre m\u00e9tier. De plus, nous avons le privil\u00e8ge de contribuer de fa\u00e7on positive \u00e0 la communaut\u00e9. Un exemple tout r\u00e9cent de cette contribution est un \u00e9v\u00e8nement qui a eu lieu la semaine derni\u00e8re et sur lequel nous avons collabor\u00e9, organis\u00e9 par les Amis de la montagne: la premi\u00e8re \u00e9dition de Chapeau mont Royal! L\u2019\u00e9dition inaugurale de Chapeau mont Royal! a eu lieu le 12 juin dernier au magnifique Chalet du mont Royal, anim\u00e9 par la p\u00e9tillante Mitsou G\u00e9linas et sous la pr\u00e9sidence d\u2019honneur de madame Julie Godin. Les organisateurs de Chapeau mont Royal! se sont inspir\u00e9s du c\u00e9l\u00e8bre \u00ab Hat Luncheon \u00bb organis\u00e9 \u00e0 New York par le comit\u00e9 des femmes d\u00e9di\u00e9 \u00e0 la conservation de Central Park, \u00e9v\u00e8nement prestigieux et tr\u00e8s pris\u00e9 des New-Yorkaises (et New-Yorkais). Chapeau mont Royal! a ralli\u00e9 500 invit\u00e9s dot\u00e9s des chapeaux spectaculaires au sommet du mont Royal. Les fonds recueillis iront aux programmes d\u2019\u00e9ducation, de conservation et d\u2019am\u00e9lioration de la montagne. L\u2019\u00e9v\u00e9nement a \u00e9galement su attirer les paparazzi, qui \u00e9taient ravis de prendre en photo les personnalit\u00e9s pr\u00e9sentes. On peut m\u00eame y apercevoir l\u2019\u00e9quipe de Phil dans les couvertures m\u00e9diatiques suivantes: MTLBLOG Nightlife.ca StyleList Quebec Fashion is Everywhere Selon Tanya Gabriel, directrice des op\u00e9rations chez Phil, \u00ab c\u2019est formidable de voir comment notre petite \u00e9quipe fait partie int\u00e9grale d\u2019un grand projet, et combien l\u2019\u00e9v\u00e9nement f\u00fbt un succ\u00e8s! Nous sommes chanceux de faire notre m\u00e9tier et de contribuer \u00e0 un \u00e9v\u00e9nement aussi important, qui a un impact concret sur notre ville. \u00bb Myriam, notre designer graphique, a elle aussi bien appr\u00e9ci\u00e9 cet \u00e9v\u00e9nement charitable: \u00ab En tant qu\u2019amoureuse de la nature, j\u2019ai \u00e9t\u00e9 ravie de pouvoir participer \u00e0 la conception de l\u2019\u00e9v\u00e9nement, mais aussi d\u2019assister au tout premier \u00e9v\u00e9nement Chapeau mont Royal! L\u2019occasion de porter un chapeau spectaculaire et une belle robe \u00e9tait d\u00e9finitivement un bonus fort agr\u00e9able! Malgr\u00e9 la pluie, le Chalet \u00e9tait plein \u00e0 craquer, tout le monde \u00e9tait joyeux, on se complimentait la tenue, on se prenait en photo et on a partag\u00e9 un d\u00e9licieux repas. Les organisateurs de l\u2019\u00e9v\u00e9nement ont pris bien soin de tous les d\u00e9tails, et les discours venaient du fond du c\u0153ur. C\u2019\u00e9tait clair que pour tous ceux pr\u00e9sents, le mont Royal est d\u2019une grande importance. \u00bb En esp\u00e9rant vous y voir l\u2019ann\u00e9e prochaine! Pour plus d\u2019informations: http:\/\/bit.ly\/chapeau2014 Album de photos Facebook<\/p>\n","protected":false},"author":5,"featured_media":6324,"comment_status":"closed","ping_status":"open","sticky":false,"template":"","format":"standard","meta":{"_et_pb_use_builder":"","_et_pb_old_content":"","_et_gb_content_width":"","inline_featured_image":false,"footnotes":""},"categories":[59],"tags":[],"class_list":["post-3172","post","type-post","status-publish","format-standard","has-post-thumbnail","hentry","category-nos-clients-dans-les-medias"],"aioseo_notices":[],"_links":{"self":[{"href":"https:\/\/phil.ca\/fr\/wp-json\/wp\/v2\/posts\/3172","targetHints":{"allow":["GET"]}}],"collection":[{"href":"https:\/\/phil.ca\/fr\/wp-json\/wp\/v2\/posts"}],"about":[{"href":"https:\/\/phil.ca\/fr\/wp-json\/wp\/v2\/types\/post"}],"author":[{"embeddable":true,"href":"https:\/\/phil.ca\/fr\/wp-json\/wp\/v2\/users\/5"}],"replies":[{"embeddable":true,"href":"https:\/\/phil.ca\/fr\/wp-json\/wp\/v2\/comments?post=3172"}],"version-history":[{"count":1,"href":"https:\/\/phil.ca\/fr\/wp-json\/wp\/v2\/posts\/3172\/revisions"}],"predecessor-version":[{"id":50470,"href":"https:\/\/phil.ca\/fr\/wp-json\/wp\/v2\/posts\/3172\/revisions\/50470"}],"wp:featuredmedia":[{"embeddable":true,"href":"https:\/\/phil.ca\/fr\/wp-json\/wp\/v2\/media\/6324"}],"wp:attachment":[{"href":"https:\/\/phil.ca\/fr\/wp-json\/wp\/v2\/media?parent=3172"}],"wp:term":[{"taxonomy":"category","embeddable":true,"href":"https:\/\/phil.ca\/fr\/wp-json\/wp\/v2\/categories?post=3172"},{"taxonomy":"post_tag","embeddable":true,"href":"https:\/\/phil.ca\/fr\/wp-json\/wp\/v2\/tags?post=3172"}],"curies":[{"name":"wp","href":"https:\/\/api.w.org\/{rel}","templated":true}]}}